{"id":9732,"date":"2023-04-23T12:56:34","date_gmt":"2023-04-23T17:56:34","guid":{"rendered":"https:\/\/paroissesainte-famille.org\/bienvenue\/?p=9732"},"modified":"2023-04-23T12:58:31","modified_gmt":"2023-04-23T17:58:31","slug":"ma-derniere-messe-a-sacre-coeur-de-jesus","status":"publish","type":"post","link":"https:\/\/paroissesainte-famille.org\/bienvenue\/2023\/04\/23\/ma-derniere-messe-a-sacre-coeur-de-jesus\/","title":{"rendered":"Ma derni\u00e8re messe \u00e0 Sacr\u00e9-Coeur-de-J\u00e9sus"},"content":{"rendered":"\n<p>Le 28 mai 2023,<br>Je serai l\u00e0 quand les cloches de l\u2019\u00e9glise de Crabtree<br>sonneront pour la derni\u00e8re fois.<br>Une derni\u00e8re fois, Solange vous accueillera \u00e0 la porte.<br>Une derni\u00e8re fois, Jos\u00e9e posera ses mains sur les claviers de l\u2019orgue<br>pour accompagner les chants<br>que Denis choisit toujours avec soin.<br>Une derni\u00e8re messe pour rendre gr\u00e2ce<br>avant de continuer notre route<br>autrement et ailleurs.<br>Que le Sacr\u00e9 Coeur de J\u00e9sus nous b\u00e9nisse<br>et nous garde dans la paix.<br>L\u2019Esprit Saint nous invite \u00e0 regarder devant<br>et \u00e0 vivre avec intensit\u00e9<br>le changement qui nous bouscule et nous recr\u00e9e.<br>Oui, c\u2019\u00e9tait mon \u00e9glise :<br>lumineuse, vaste, confortable,<br>pleine de souvenirs et de pri\u00e8res.<br>Les gens de Crabtree ont toujours \u00e9t\u00e9 fiers<br>de servir leur \u00e9glise.<br>Bient\u00f4t, elle retentira de cris d\u2019enfants<br>et d\u2019activit\u00e9s communautaires.<br>Ainsi, toute la population de Crabtree<br>pourra continuer de profiter de ce que leurs a\u00efeux<br>ont b\u00e2ti et entretenu.<br>Soyons au rendez-vous ce 28 mai 2023.<\/p>\n\n\n\n<p>Jeanne Beaudoin, votre secr\u00e9taire depuis 2006<\/p>\n","protected":false},"excerpt":{"rendered":"<p>Le 28 mai 2023,Je serai l\u00e0 quand les cloches de l\u2019\u00e9glise de Crabtreesonneront pour la derni\u00e8re fois.Une derni\u00e8re fois, Solange vous accueillera \u00e0 la porte.Une derni\u00e8re fois, Jos\u00e9e posera ses mains sur les claviers de l\u2019orguepour accompagner les chantsque Denis &hellip; <a href=\"https:\/\/paroissesainte-famille.org\/bienvenue\/2023\/04\/23\/ma-derniere-messe-a-sacre-coeur-de-jesus\/\">Continuer la lecture <span class=\"meta-nav\">&rarr;<\/span><\/a><\/p>\n","protected":false},"author":2,"featured_media":0,"comment_status":"open","ping_status":"closed","sticky":false,"template":"","format":"standard","meta":{"footnotes":""},"categories":[7],"tags":[],"class_list":["post-9732","post","type-post","status-publish","format-standard","hentry","category-celebrations"],"_links":{"self":[{"href":"https:\/\/paroissesainte-famille.org\/bienvenue\/wp-json\/wp\/v2\/posts\/9732","targetHints":{"allow":["GET"]}}],"collection":[{"href":"https:\/\/paroissesainte-famille.org\/bienvenue\/wp-json\/wp\/v2\/posts"}],"about":[{"href":"https:\/\/paroissesainte-famille.org\/bienvenue\/wp-json\/wp\/v2\/types\/post"}],"author":[{"embeddable":true,"href":"https:\/\/paroissesainte-famille.org\/bienvenue\/wp-json\/wp\/v2\/users\/2"}],"replies":[{"embeddable":true,"href":"https:\/\/paroissesainte-famille.org\/bienvenue\/wp-json\/wp\/v2\/comments?post=9732"}],"version-history":[{"count":1,"href":"https:\/\/paroissesainte-famille.org\/bienvenue\/wp-json\/wp\/v2\/posts\/9732\/revisions"}],"predecessor-version":[{"id":9733,"href":"https:\/\/paroissesainte-famille.org\/bienvenue\/wp-json\/wp\/v2\/posts\/9732\/revisions\/9733"}],"wp:attachment":[{"href":"https:\/\/paroissesainte-famille.org\/bienvenue\/wp-json\/wp\/v2\/media?parent=9732"}],"wp:term":[{"taxonomy":"category","embeddable":true,"href":"https:\/\/paroissesainte-famille.org\/bienvenue\/wp-json\/wp\/v2\/categories?post=9732"},{"taxonomy":"post_tag","embeddable":true,"href":"https:\/\/paroissesainte-famille.org\/bienvenue\/wp-json\/wp\/v2\/tags?post=9732"}],"curies":[{"name":"wp","href":"https:\/\/api.w.org\/{rel}","templated":true}]}}