{"id":5960,"date":"2022-02-24T06:18:52","date_gmt":"2022-02-24T11:18:52","guid":{"rendered":"https:\/\/paroissesainte-famille.org\/?p=5960"},"modified":"2022-02-26T10:52:04","modified_gmt":"2022-02-26T15:52:04","slug":"pape-francois-invite-a-prier-pour-la-paix-en-ukraine","status":"publish","type":"post","link":"https:\/\/paroissesainte-famille.org\/bienvenue\/2022\/02\/24\/pape-francois-invite-a-prier-pour-la-paix-en-ukraine\/","title":{"rendered":"Pape Fran\u00e7ois invite \u00e0 prier pour la paix en Ukraine"},"content":{"rendered":"\n<p><span class=\"has-inline-color has-black-color\">J\u2019ai tr\u00e8s mal au c\u0153ur face \u00e0 l\u2019aggravation de la situation en Ukraine. Malgr\u00e9 les efforts diplomatiques de ces derni\u00e8res semaines, des sc\u00e9narios de plus en plus alarmants s\u2019ouvrent. Comme moi, beaucoup de gens partout dans le monde ressentent de l\u2019angoisse et de l\u2019inqui\u00e9tude. Une fois de plus, la paix de tous est menac\u00e9e par des int\u00e9r\u00eats partisans. Je voudrais lancer un appel \u00e0 ceux qui ont la responsabilit\u00e9 politique d\u2019examiner s\u00e9rieusement leur conscience devant Dieu, qui est le Dieu de la paix et non de la guerre; qui est le P\u00e8re de tous, pas seulement de certains, qui veut que nous soyons fr\u00e8res et non ennemis. Je prie pour que toutes les parties concern\u00e9es s\u2019abstiennent de toute action qui causerait encore plus de souffrances aux peuples, d\u00e9stabilisant la coexistence entre les nations et jetant le discr\u00e9dit sur le droit international.<\/span><\/p>\n\n\n\n<p><span class=\"has-inline-color has-black-color\">Et maintenant, je voudrais lancer un appel \u00e0 tout le monde, croyants et non-croyants. Suivant l&rsquo;enseignement de J\u00e9sus, \u00e0 l\u2019absurdit\u00e9 diabolique de la violence, nous r\u00e9pondons par les armes de Dieu, par la pri\u00e8re et le je\u00fbne. J\u2019invite tout le monde \u00e0 faire du<strong> 2 mars prochain, le mercredi des Cendres, un jour de je\u00fbne pour la paix.<\/strong> J\u2019encourage les croyants d\u2019une mani\u00e8re particuli\u00e8re \u00e0 se consacrer intens\u00e9ment \u00e0 la pri\u00e8re et au je\u00fbne ce jour-l\u00e0. Que la Reine de la Paix pr\u00e9serve le monde de la folie de la guerre.<\/span><\/p>\n\n\n\n<p>Pape Fran\u00e7ois<br>23 f\u00e9vrier 2022<\/p>\n\n\n\n<p class=\"has-black-color has-text-color\"><strong>T\u00e9moignage d&rsquo;une enseignante<\/strong> qui vit depuis huit ans dans le village de Novotoshkivs\u2019ke sous le feu des bombes : lire dans Le Devoir, l&rsquo;<a rel=\"noreferrer noopener\" href=\"https:\/\/www.ledevoir.com\/monde\/europe\/678510\/le-devoir-en-ukraine-sous-le-feu-des-bombes-dans-la-region-de-lougansk\" data-type=\"URL\" data-id=\"https:\/\/www.ledevoir.com\/monde\/europe\/678510\/le-devoir-en-ukraine-sous-le-feu-des-bombes-dans-la-region-de-lougansk\" target=\"_blank\">article de  Magdaline Boutros<\/a> dans le Donbass.<\/p>\n\n\n\n<p class=\"has-black-color has-text-color\">Compte-rendu de l&rsquo;appel du pape <strong>dans le Magazine Aleteia<\/strong>, <a rel=\"noreferrer noopener\" href=\"https:\/\/fr.aleteia.org\/2022\/02\/23\/crise-en-ukraine-la-force-de-la-priere\/\" data-type=\"URL\" data-id=\"https:\/\/fr.aleteia.org\/2022\/02\/23\/crise-en-ukraine-la-force-de-la-priere\/\" target=\"_blank\">Crise en Ukraine : la force de la pri\u00e8re<\/a><\/p>\n\n\n\n<p class=\"has-black-color has-text-color\"><strong>Faire un don<\/strong> \u00e0 la campagne d&rsquo;aide de l&rsquo;UNICEF : par le site s\u00e9curis\u00e9 <a href=\"https:\/\/secure.unicef.ca\/page\/98643\/donate\/1?ea.tracking.id=22ECEM0201F&amp;utm_medium=email&amp;utm_source=UNICEF+eNewsletter&amp;utm_campaign=2022+Ukraine+Emergency+Update+Email+OTG+Feb+25+FR&amp;utm_content=22ECEM0201F::2022+Ukraine+Emergency+Update+Email+OTG+Feb+25+FR&amp;ea.url.id=5778028&amp;forwarded=true\" data-type=\"URL\" data-id=\"https:\/\/secure.unicef.ca\/page\/98643\/donate\/1?ea.tracking.id=22ECEM0201F&amp;utm_medium=email&amp;utm_source=UNICEF+eNewsletter&amp;utm_campaign=2022+Ukraine+Emergency+Update+Email+OTG+Feb+25+FR&amp;utm_content=22ECEM0201F::2022+Ukraine+Emergency+Update+Email+OTG+Feb+25+FR&amp;ea.url.id=5778028&amp;forwarded=true\" target=\"_blank\" rel=\"noreferrer noopener\">UNICEF CANADA<\/a><\/p>\n\n\n\n<p><a href=\"https:\/\/paroissesainte-famille.org\/\" data-type=\"page\" data-id=\"694\">Retour \u00e0 l&rsquo;accueil<\/a><\/p>\n","protected":false},"excerpt":{"rendered":"<p>J\u2019ai tr\u00e8s mal au c\u0153ur face \u00e0 l\u2019aggravation de la situation en Ukraine. Malgr\u00e9 les efforts diplomatiques de ces derni\u00e8res semaines, des sc\u00e9narios de plus en plus alarmants s\u2019ouvrent. Comme moi, beaucoup de gens partout dans le monde ressentent de &hellip; <a href=\"https:\/\/paroissesainte-famille.org\/bienvenue\/2022\/02\/24\/pape-francois-invite-a-prier-pour-la-paix-en-ukraine\/\">Continuer la lecture <span class=\"meta-nav\">&rarr;<\/span><\/a><\/p>\n","protected":false},"author":3,"featured_media":0,"comment_status":"open","ping_status":"","sticky":false,"template":"","format":"aside","meta":{"footnotes":""},"categories":[2],"tags":[],"class_list":["post-5960","post","type-post","status-publish","format-aside","hentry","category-non-classe","post_format-post-format-aside"],"_links":{"self":[{"href":"https:\/\/paroissesainte-famille.org\/bienvenue\/wp-json\/wp\/v2\/posts\/5960","targetHints":{"allow":["GET"]}}],"collection":[{"href":"https:\/\/paroissesainte-famille.org\/bienvenue\/wp-json\/wp\/v2\/posts"}],"about":[{"href":"https:\/\/paroissesainte-famille.org\/bienvenue\/wp-json\/wp\/v2\/types\/post"}],"author":[{"embeddable":true,"href":"https:\/\/paroissesainte-famille.org\/bienvenue\/wp-json\/wp\/v2\/users\/3"}],"replies":[{"embeddable":true,"href":"https:\/\/paroissesainte-famille.org\/bienvenue\/wp-json\/wp\/v2\/comments?post=5960"}],"version-history":[{"count":4,"href":"https:\/\/paroissesainte-famille.org\/bienvenue\/wp-json\/wp\/v2\/posts\/5960\/revisions"}],"predecessor-version":[{"id":5987,"href":"https:\/\/paroissesainte-famille.org\/bienvenue\/wp-json\/wp\/v2\/posts\/5960\/revisions\/5987"}],"wp:attachment":[{"href":"https:\/\/paroissesainte-famille.org\/bienvenue\/wp-json\/wp\/v2\/media?parent=5960"}],"wp:term":[{"taxonomy":"category","embeddable":true,"href":"https:\/\/paroissesainte-famille.org\/bienvenue\/wp-json\/wp\/v2\/categories?post=5960"},{"taxonomy":"post_tag","embeddable":true,"href":"https:\/\/paroissesainte-famille.org\/bienvenue\/wp-json\/wp\/v2\/tags?post=5960"}],"curies":[{"name":"wp","href":"https:\/\/api.w.org\/{rel}","templated":true}]}}