{"id":5845,"date":"2022-02-09T09:35:18","date_gmt":"2022-02-09T14:35:18","guid":{"rendered":"https:\/\/paroissesainte-famille.org\/?p=5845"},"modified":"2022-02-09T09:35:18","modified_gmt":"2022-02-09T14:35:18","slug":"journee-mondiale-des-malades","status":"publish","type":"post","link":"https:\/\/paroissesainte-famille.org\/bienvenue\/2022\/02\/09\/journee-mondiale-des-malades\/","title":{"rendered":"Journ\u00e9e mondiale des malades"},"content":{"rendered":"\n<p class=\"has-black-color has-text-color\">Journ\u00e9e mondiale du malade 2022 : \u00ab L\u2019amour mis\u00e9ricordieux du P\u00e8re \u00bb<br>Durant la pand\u00e9mie de la Covid-2, on a souvent parl\u00e9 des soins \u00e0 nos personnes a\u00een\u00e9es, surtout celles qui r\u00e9sident en RPA ou en CHSLD. On juge facilement les propri\u00e9taires ou les autorit\u00e9s publiques de ces \u00e9tablissements, mais quelle part de responsabilit\u00e9 revient \u00e0 chacune et chacun de nous? Que cette journ\u00e9e du 11 f\u00e9vrier 2022 jette un \u00e9clairage sur les soins aux malades, mais plus encore sur les gestes de mis\u00e9ricorde de tout un chacun, ici et maintenant. <\/p>\n\n\n\n<p class=\"has-black-color has-text-color\">Pour bien se convaincre qu&rsquo;il y va de la dignit\u00e9 humaine, que notre foi en J\u00e9sus peut illuminer la vie de nos a\u00een\u00e9s, et plus encore qu&rsquo;il est possible d&rsquo;aligner notre vie sur le <em>chemin de bonheur<\/em>  propos\u00e9 par J\u00e9sus,  je vous recommande la lecture du message du pape Fran\u00e7ois \u00e0 l&rsquo;occasion de cette journ\u00e9e mondiale, publi\u00e9 \u00e0 Rome, Saint-Jean-de-Latran, 10 d\u00e9cembre 2021.<br>Lecture du message sur <a rel=\"noreferrer noopener\" href=\"https:\/\/fr.zenit.org\/2022\/01\/04\/journee-mondiale-du-malade-2022-lamour-misericordieux-du-pere-texte-complet\/\" data-type=\"URL\" data-id=\"https:\/\/fr.zenit.org\/2022\/01\/04\/journee-mondiale-du-malade-2022-lamour-misericordieux-du-pere-texte-complet\/\" target=\"_blank\">Zenit.org<\/a>. <\/p>\n\n\n\n<div class=\"wp-block-media-text alignwide is-stacked-on-mobile\"><figure class=\"wp-block-media-text__media\"><a href=\"https:\/\/fr.zenit.org\/2022\/01\/04\/journee-mondiale-du-malade-2022-lamour-misericordieux-du-pere-texte-complet\/\" target=\"_blank\" rel=\"noopener\"><img loading=\"lazy\" decoding=\"async\" width=\"350\" height=\"233\" src=\"https:\/\/paroissesainte-famille.org\/wp-content\/uploads\/2022\/02\/Malades-pape-Francois.jpg\" alt=\"\" class=\"wp-image-5846 size-full\" srcset=\"https:\/\/paroissesainte-famille.org\/wp-content\/uploads\/2022\/02\/Malades-pape-Francois.jpg 350w, https:\/\/paroissesainte-famille.org\/wp-content\/uploads\/2022\/02\/Malades-pape-Francois-300x200.jpg 300w\" sizes=\"auto, (max-width: 350px) 100vw, 350px\" \/><\/a><\/figure><div class=\"wp-block-media-text__content\">\n<p class=\"has-black-color has-text-color\">\u00ab<em> Soyez mis\u00e9ricordieux, comme votre p\u00e8re est mis\u00e9ricordieux<\/em> \u00bb (Lc 6, 36).<\/p>\n\n\n\n<p class=\"has-black-color has-text-color\">Se tenir \u00e0 c\u00f4t\u00e9 de celui qui souffre sur le chemin de la charit\u00e9<\/p>\n<\/div><\/div>\n","protected":false},"excerpt":{"rendered":"<p>Journ\u00e9e mondiale du malade 2022 : \u00ab L\u2019amour mis\u00e9ricordieux du P\u00e8re \u00bbDurant la pand\u00e9mie de la Covid-2, on a souvent parl\u00e9 des soins \u00e0 nos personnes a\u00een\u00e9es, surtout celles qui r\u00e9sident en RPA ou en CHSLD. On juge facilement les &hellip; <a href=\"https:\/\/paroissesainte-famille.org\/bienvenue\/2022\/02\/09\/journee-mondiale-des-malades\/\">Continuer la lecture <span class=\"meta-nav\">&rarr;<\/span><\/a><\/p>\n","protected":false},"author":3,"featured_media":0,"comment_status":"open","ping_status":"","sticky":false,"template":"","format":"aside","meta":{"footnotes":""},"categories":[2],"tags":[],"class_list":["post-5845","post","type-post","status-publish","format-aside","hentry","category-non-classe","post_format-post-format-aside"],"_links":{"self":[{"href":"https:\/\/paroissesainte-famille.org\/bienvenue\/wp-json\/wp\/v2\/posts\/5845","targetHints":{"allow":["GET"]}}],"collection":[{"href":"https:\/\/paroissesainte-famille.org\/bienvenue\/wp-json\/wp\/v2\/posts"}],"about":[{"href":"https:\/\/paroissesainte-famille.org\/bienvenue\/wp-json\/wp\/v2\/types\/post"}],"author":[{"embeddable":true,"href":"https:\/\/paroissesainte-famille.org\/bienvenue\/wp-json\/wp\/v2\/users\/3"}],"replies":[{"embeddable":true,"href":"https:\/\/paroissesainte-famille.org\/bienvenue\/wp-json\/wp\/v2\/comments?post=5845"}],"version-history":[{"count":1,"href":"https:\/\/paroissesainte-famille.org\/bienvenue\/wp-json\/wp\/v2\/posts\/5845\/revisions"}],"predecessor-version":[{"id":5847,"href":"https:\/\/paroissesainte-famille.org\/bienvenue\/wp-json\/wp\/v2\/posts\/5845\/revisions\/5847"}],"wp:attachment":[{"href":"https:\/\/paroissesainte-famille.org\/bienvenue\/wp-json\/wp\/v2\/media?parent=5845"}],"wp:term":[{"taxonomy":"category","embeddable":true,"href":"https:\/\/paroissesainte-famille.org\/bienvenue\/wp-json\/wp\/v2\/categories?post=5845"},{"taxonomy":"post_tag","embeddable":true,"href":"https:\/\/paroissesainte-famille.org\/bienvenue\/wp-json\/wp\/v2\/tags?post=5845"}],"curies":[{"name":"wp","href":"https:\/\/api.w.org\/{rel}","templated":true}]}}