{"id":5492,"date":"2022-01-03T10:20:19","date_gmt":"2022-01-03T15:20:19","guid":{"rendered":"https:\/\/paroissesainte-famille.org\/?p=5492"},"modified":"2022-01-04T10:31:23","modified_gmt":"2022-01-04T15:31:23","slug":"pourquoi-sommes-nous-dans-lannee-liturgique-c","status":"publish","type":"post","link":"https:\/\/paroissesainte-famille.org\/bienvenue\/2022\/01\/03\/pourquoi-sommes-nous-dans-lannee-liturgique-c\/","title":{"rendered":"Pourquoi sommes-nous dans l\u2019ANN\u00c9E LITURGIQUE C ?"},"content":{"rendered":"\n<p class=\"has-black-color has-text-color\">L&rsquo;<em>ann\u00e9e<\/em> <em>liturgique<\/em> commence le premier dimanche de l&rsquo;Avent. Les ann\u00e9es liturgiques ont \u00e9t\u00e9 d\u00e9sign\u00e9es par les lettres A,B ou C, \u00e0 partir de l&rsquo;\u00e9vangile du dimanche et selon qu&rsquo;elles suivent Matthieu (A), Marc (B) ou Luc (C).  <br>Nous sommes pr\u00e9sentement dans l&rsquo;ann\u00e9e C avec l&rsquo;\u00e9vang\u00e9liste Luc. Certains dimanches des raisons particuli\u00e8res expliquent le choix d&rsquo;un autre \u00e9vang\u00e9liste, comme pour l&rsquo;\u00c9piphanie, parce que Matthieu est le seul \u00e9vang\u00e9liste qui raconte la d\u00e9couverte et l&rsquo;adoration de l&rsquo;enfant J\u00e9sus par des Mages. De m\u00eame, \u00e0 cause de l&rsquo;importance du premier signe accompli par J\u00e9sus aux noces de Cana, on nous lira le r\u00e9cit de Jean.<\/p>\n\n\n\n<p class=\"has-black-color has-text-color\">Je vous propose donc d&rsquo;entrer dans la nouvelle ann\u00e9e en lisant, sur le site INTERBIBLE.ORG, une <strong>pr\u00e9sentation de l&rsquo;\u00e9vangile de Luc<\/strong> par Odette Mainville. Et pourquoi pas mettre son article dans vos favoris, puisqu&rsquo;il est important de le lire et le relire pour bien saisir quelle vision de J\u00e9sus est celle de Luc, car chacun a \u00e9crit son \u00e9vangile pour une communaut\u00e9 particuli\u00e8re et avait un regard diff\u00e9rent sur J\u00e9sus. Chacun d&rsquo;eux a \u00e9t\u00e9 inspir\u00e9, c&rsquo;est-\u00e0-dire illumin\u00e9 int\u00e9rieurement et, plus encore, saisi dans toute sa personne par le Christ Ressuscit\u00e9, fils de Dieu. <\/p>\n\n\n\n<p class=\"has-black-color has-text-color\">Est-ce qu&rsquo;il n&rsquo;en est de m\u00eame pour chacune et chacun de nous qui avons \u00e9t\u00e9 touch\u00e9s par le Ressuscit\u00e9 et essayons d&rsquo;enligner notre vie sur ses enseignements ? Explorons donc le regard de foi de Luc et laissons-le nous toucher droit au c\u0153ur afin de <strong>suivre le chemin<\/strong> montr\u00e9 par l&rsquo;agir de J\u00e9sus.<\/p>\n\n\n\n<p class=\"has-black-color has-text-color\">Voici donc, pour vous mettre en app\u00e9tit, l&rsquo;introduction \u00e0 une s\u00e9rie d&rsquo;articles o\u00f9 Odette Mainville examine l&rsquo;\u0153uvre de Luc: <span class=\"has-inline-color has-blue-color\"><strong>Des cl\u00e9s pour lire l\u2019\u0153uvre de Luc<\/strong><\/span>.<br><em>\u00ab Lorsque Luc, \u00e0 l\u2019instar de Marc et de Matthieu, entreprend d\u2019\u00e9crire un \u00c9vangile, il a d\u00e9j\u00e0 en t\u00eate le projet d\u2019un ouvrage compl\u00e9mentaire, celui du livre des Actes des Ap\u00f4tres. On en aura plus d\u2019une preuve au fil des prochaines chroniques, plus particuli\u00e8rement lors de la derni\u00e8re. M\u00eame si l\u2019objet de ces chroniques est de traiter des th\u00e8mes caract\u00e9ristiques du troisi\u00e8me \u00c9vangile, il importera donc de faire ressortir, quand il y aura lieu, leur prolongement dans certains \u00e9pisodes du livre des Actes des Ap\u00f4tres. Mais d\u2019abord, qui est Luc et pour qui \u00e9crit-il\u2009? \u00bb<\/em> <\/p>\n\n\n\n<div class=\"wp-block-buttons is-layout-flex wp-block-buttons-is-layout-flex\">\n<div class=\"wp-block-button is-style-fill\"><a class=\"wp-block-button__link has-text-color has-background\" href=\"http:\/\/www.interbible.org\/interBible\/decouverte\/comprendre\/2021\/comprendre_20211213.html\" style=\"border-radius:11px;background-color:#94451d;color:#f9f5e3\" target=\"_blank\" rel=\"noreferrer noopener\">LIRE LA SUITE<\/a><\/div>\n<\/div>\n\n\n\n<p class=\"has-black-color has-text-color\">  <\/p>\n","protected":false},"excerpt":{"rendered":"<p>L&rsquo;ann\u00e9e liturgique commence le premier dimanche de l&rsquo;Avent. Les ann\u00e9es liturgiques ont \u00e9t\u00e9 d\u00e9sign\u00e9es par les lettres A,B ou C, \u00e0 partir de l&rsquo;\u00e9vangile du dimanche et selon qu&rsquo;elles suivent Matthieu (A), Marc (B) ou Luc (C). Nous sommes pr\u00e9sentement &hellip; <a href=\"https:\/\/paroissesainte-famille.org\/bienvenue\/2022\/01\/03\/pourquoi-sommes-nous-dans-lannee-liturgique-c\/\">Continuer la lecture <span class=\"meta-nav\">&rarr;<\/span><\/a><\/p>\n","protected":false},"author":3,"featured_media":0,"comment_status":"open","ping_status":"","sticky":false,"template":"","format":"aside","meta":{"footnotes":""},"categories":[91],"tags":[92],"class_list":["post-5492","post","type-post","status-publish","format-aside","hentry","category-liturgie","tag-luc","post_format-post-format-aside"],"_links":{"self":[{"href":"https:\/\/paroissesainte-famille.org\/bienvenue\/wp-json\/wp\/v2\/posts\/5492","targetHints":{"allow":["GET"]}}],"collection":[{"href":"https:\/\/paroissesainte-famille.org\/bienvenue\/wp-json\/wp\/v2\/posts"}],"about":[{"href":"https:\/\/paroissesainte-famille.org\/bienvenue\/wp-json\/wp\/v2\/types\/post"}],"author":[{"embeddable":true,"href":"https:\/\/paroissesainte-famille.org\/bienvenue\/wp-json\/wp\/v2\/users\/3"}],"replies":[{"embeddable":true,"href":"https:\/\/paroissesainte-famille.org\/bienvenue\/wp-json\/wp\/v2\/comments?post=5492"}],"version-history":[{"count":5,"href":"https:\/\/paroissesainte-famille.org\/bienvenue\/wp-json\/wp\/v2\/posts\/5492\/revisions"}],"predecessor-version":[{"id":5519,"href":"https:\/\/paroissesainte-famille.org\/bienvenue\/wp-json\/wp\/v2\/posts\/5492\/revisions\/5519"}],"wp:attachment":[{"href":"https:\/\/paroissesainte-famille.org\/bienvenue\/wp-json\/wp\/v2\/media?parent=5492"}],"wp:term":[{"taxonomy":"category","embeddable":true,"href":"https:\/\/paroissesainte-famille.org\/bienvenue\/wp-json\/wp\/v2\/categories?post=5492"},{"taxonomy":"post_tag","embeddable":true,"href":"https:\/\/paroissesainte-famille.org\/bienvenue\/wp-json\/wp\/v2\/tags?post=5492"}],"curies":[{"name":"wp","href":"https:\/\/api.w.org\/{rel}","templated":true}]}}