{"id":5305,"date":"2021-12-19T19:12:07","date_gmt":"2021-12-20T00:12:07","guid":{"rendered":"https:\/\/paroissesainte-famille.org\/?p=5305"},"modified":"2021-12-19T19:35:26","modified_gmt":"2021-12-20T00:35:26","slug":"priere-a-marie-la-mere-de-lhumanite","status":"publish","type":"post","link":"https:\/\/paroissesainte-famille.org\/bienvenue\/2021\/12\/19\/priere-a-marie-la-mere-de-lhumanite\/","title":{"rendered":"Pri\u00e8re \u00e0  Marie, la m\u00e8re de l\u2019humanit\u00e9"},"content":{"rendered":"\n<p class=\"has-black-color has-text-color\">Remplies de confiance, demandons \u00e0 Marie d\u2019interc\u00e9der pour nous aupr\u00e8s de Dieu. Partout o\u00f9 la vie est menac\u00e9e, qu\u2019elle recouvre de son manteau de tendresse tous les souffrants et les souffrantes de ce monde.<\/p>\n\n\n\n<p class=\"has-black-color has-text-color\"><strong>T<\/strong>ous les mendiants de la rue qui vont<br>tendre la main aujourd\u2019hui<br>pour un peu de pain et de consolation,<br>ils portent le Visage de ton Fils,<br><strong>Marie, prends-les tous sur ton c\u0153ur.<\/strong><\/p>\n\n\n\n<p class=\"has-black-color has-text-color\"><strong>T<\/strong>ous les malades dont la nuit est trop longue<br>pour attendre le jour, tous ces vieillards dont la solitude <br>est v\u00e9cue comme un abandon de leurs proches,<br>ils portent le Visage de ton J\u00e9sus,<br><strong>Marie, prends-les tous sur ton C\u0153ur.<\/strong><\/p>\n\n\n\n<p class=\"has-black-color has-text-color\"><strong>T<\/strong>ous ces enfants du divorce qu\u2019on blessera encore aujourd\u2019hui,<br>d\u2019un c\u0153ur \u00e0 l\u2019autre, d\u2019une pr\u00e9sence \u00e0 l\u2019autre <br>sans qu\u2019on puisse lancer la pierre \u00e0 personne, <br>ils portent le Visage de ton Enfant,<br><strong>Marie, prends-les tous sur ton C\u0153ur.<\/strong><\/p>\n\n\n\n<p class=\"has-black-color has-text-color\"><strong>T<\/strong>outes ces victimes des r\u00e9seaux de prostitution<br>qu\u2019on vend encore aujourd\u2019hui sur des trottoirs<br>ou dans des catalogues et qui pleureront \u00e0 la fin de la nuit,<br>ils portent le Visage de ton Unique,<br><strong>Marie, prends-les sur ton C\u0153ur.<\/strong><\/p>\n\n\n\n<p class=\"has-black-color has-text-color\"><strong>T<\/strong>outes ces vies bris\u00e9es par ces violences, tous ces regards<br>\u00e9teints par les indiff\u00e9rences, tous ces d\u00e9plac\u00e9s, ces r\u00e9fugi\u00e9s,<br>ces gens de la fuite, <br>ils portent le Visage de ton Fils,<br><strong>Marie, prends-les tous sur ton C\u0153ur.<\/strong><\/p>\n\n\n\n<p class=\"has-black-color has-text-color\"><strong>T<\/strong>ous ces gens ordinaires, ces travailleurs du quotidien<br>tous ceux qui en ce jour vont encore d\u00e9noncer l\u2019injustice,<br>r\u00e9clamer la dignit\u00e9 pour leurs fr\u00e8res et s\u0153urs,<br>ils portent le Visage de ton Christ,<br><strong>Marie prends-les tous sur ton C\u0153ur.<\/strong><\/p>\n\n\n\n<p class=\"has-black-color has-text-color\"><strong>T<\/strong>outes ces femmes humili\u00e9es qui portent la blessure d\u2019un irrespect sans nom,<br>ces victimes d\u2019avortement forc\u00e9, mais aussi toutes ces m\u00e8res heureuses<br>de leur maternit\u00e9 et qui gardent avec tendresse le fruit d\u2019un grand amour,<br>tous ces enfants \u00e0 na\u00eetre, Ils portent le Visage de ton J\u00e9sus,<br><strong>Marie, prends-les tous sur ton C\u0153ur.<\/strong><\/p>\n\n\n\n<p class=\"has-black-color has-text-color\">Ginette Joly, ss.cc.j.m.<\/p>\n","protected":false},"excerpt":{"rendered":"<p>Remplies de confiance, demandons \u00e0 Marie d\u2019interc\u00e9der pour nous aupr\u00e8s de Dieu. Partout o\u00f9 la vie est menac\u00e9e, qu\u2019elle recouvre de son manteau de tendresse tous les souffrants et les souffrantes de ce monde. <a href=\"https:\/\/paroissesainte-famille.org\/bienvenue\/2021\/12\/19\/priere-a-marie-la-mere-de-lhumanite\/\">Continuer la lecture <span class=\"meta-nav\">&rarr;<\/span><\/a><\/p>\n","protected":false},"author":3,"featured_media":0,"comment_status":"open","ping_status":"","sticky":false,"template":"","format":"aside","meta":{"footnotes":""},"categories":[],"tags":[],"class_list":["post-5305","post","type-post","status-publish","format-aside","hentry","post_format-post-format-aside"],"_links":{"self":[{"href":"https:\/\/paroissesainte-famille.org\/bienvenue\/wp-json\/wp\/v2\/posts\/5305","targetHints":{"allow":["GET"]}}],"collection":[{"href":"https:\/\/paroissesainte-famille.org\/bienvenue\/wp-json\/wp\/v2\/posts"}],"about":[{"href":"https:\/\/paroissesainte-famille.org\/bienvenue\/wp-json\/wp\/v2\/types\/post"}],"author":[{"embeddable":true,"href":"https:\/\/paroissesainte-famille.org\/bienvenue\/wp-json\/wp\/v2\/users\/3"}],"replies":[{"embeddable":true,"href":"https:\/\/paroissesainte-famille.org\/bienvenue\/wp-json\/wp\/v2\/comments?post=5305"}],"version-history":[{"count":4,"href":"https:\/\/paroissesainte-famille.org\/bienvenue\/wp-json\/wp\/v2\/posts\/5305\/revisions"}],"predecessor-version":[{"id":5313,"href":"https:\/\/paroissesainte-famille.org\/bienvenue\/wp-json\/wp\/v2\/posts\/5305\/revisions\/5313"}],"wp:attachment":[{"href":"https:\/\/paroissesainte-famille.org\/bienvenue\/wp-json\/wp\/v2\/media?parent=5305"}],"wp:term":[{"taxonomy":"category","embeddable":true,"href":"https:\/\/paroissesainte-famille.org\/bienvenue\/wp-json\/wp\/v2\/categories?post=5305"},{"taxonomy":"post_tag","embeddable":true,"href":"https:\/\/paroissesainte-famille.org\/bienvenue\/wp-json\/wp\/v2\/tags?post=5305"}],"curies":[{"name":"wp","href":"https:\/\/api.w.org\/{rel}","templated":true}]}}