{"id":12061,"date":"2024-01-20T11:25:33","date_gmt":"2024-01-20T16:25:33","guid":{"rendered":"https:\/\/paroissesainte-famille.org\/bienvenue\/?p=12061"},"modified":"2024-03-09T13:27:35","modified_gmt":"2024-03-09T18:27:35","slug":"la-mission-a-lac-simon-et-a-kitcisakik","status":"publish","type":"post","link":"https:\/\/paroissesainte-famille.org\/bienvenue\/2024\/01\/20\/la-mission-a-lac-simon-et-a-kitcisakik\/","title":{"rendered":"La mission \u00e0 Lac Simon et \u00e0 Kitcisakik"},"content":{"rendered":"\n<p class=\"has-text-color has-link-color wp-elements-6b37b9f55ccb8c3391497390eaf1a8fd\" style=\"color:#3137a3;font-size:16px\">Sr Renelle Lasalle, qui a v\u00e9cu 10 ans avec les Anicinabek, avec qui elle a cr\u00e9\u00e9 de vrais liens d\u2019amiti\u00e9, af\ufb01rme: \u00abLa mission se vit au jour le jour en offrant une pr\u00e9sence aux gens du milieu. Par l\u2019\u00e9coute des gens rencontr\u00e9s au \ufb01l des \u00e9v\u00e9nements se tissent des liens fraternels.\u00bb Des liens qui l\u2019habiteront toujours\u2026<\/p>\n\n\n\n<p class=\"has-black-color has-text-color has-link-color wp-elements-d404d576cccf46b0f3c8c49f351aed1b\" style=\"font-size:17px\">La vie missionnaire des trois communaut\u00e9s francophones anicinabek de l\u2019Abitibi ressemble fort \u00e0 celle des autres communaut\u00e9s du Qu\u00e9bec. La plupart des p\u00e8res oblats ma\u00eetrisaient bien la langue et \u00e9taient de bons animateurs de pastorale aim\u00e9s des gens. Puis, l\u2019un d\u2019entre eux a \u00e9t\u00e9 reconnu coupable d\u2019agressions sexuelles. Tout s\u2019arr\u00eate. C\u2019est ce qui est arriv\u00e9 \u00e0 Lac\u2010Simon et \u00e0 Kitcisakik en 1994. Les a\u00een\u00e9s ont de la difficult\u00e9 \u00e0 croire \u00e0 la culpabilit\u00e9 du pr\u00eatre et restent proches de lui et lui pardonnent:<br>\u00ab Ce pr\u00eatre est un humain! \u00bb Les jeunes parents cessent toute pratique religieuse; les pr\u00eatres se retrouvent devant une \u00e9glise vide. En 2009, le dernier missionnaire meurt accidentellement, ce qui cause un grand \u00e9moi dans la population. Les a\u00een\u00e9s craignent vraiment que l\u2019\u00c9glise catholique disparaisse. C\u2019est dans ce contexte que j\u2019arrive \u00e0 Lac\u2010Simon.<\/p>\n\n\n\n<p class=\"has-black-color has-text-color has-link-color wp-elements-d10ac7913ae91aeffc39ba4f2b99cc5f\" style=\"font-size:17px\">La famille de Monique Papatie, une a\u00een\u00e9e respect\u00e9e de tous, m\u2019a adopt\u00e9e au cours d\u2019un premier s\u00e9jour sur la presqu\u2019\u00eele de Kitcisakik en 2008 : c\u2019est ce qui rendra mon int\u00e9gration plus facile. La cheffe Adrienne J\u00e9r\u00f4me t\u00e9moigne: \u00ab Quand Renelle est arriv\u00e9e \u00e0 Lac\u2010Simon, nous \u00e9tions au plus bas au niveau social dans notre communaut\u00e9: la foi n\u2019y \u00e9tait presque plus, l\u2019\u00e9glise \u00e9tait dans un \u00e9tat pitoyable. C\u2019\u00e9tait extr\u00eamement difficile de remonter la pente \u00e0 cause des dures \u00e9preuves.\u00bb<\/p>\n\n\n\n<p class=\"has-black-color has-text-color has-link-color wp-elements-49a5f8db6e809a88a537b9b47d492e1a\" style=\"font-size:17px\">D\u00e8s mon arriv\u00e9e, j\u2019ai mis sur pied un comit\u00e9 de pastorale qui, aujourd\u2019hui, ne tient qu\u2019\u00e0 un fil, car ce n\u2019est pas la mani\u00e8re anicinabe de fonctionner. Le premier comit\u00e9 est tr\u00e8s actif : nous pr\u00e9parons une cr\u00e8che vivante et l\u2019\u00e9glise est pleine \u00e0 craquer lors du premier No\u00ebl. Les jeunes parents recommencent \u00e0 demander les sacrements. La pratique hebdomadaire du dimanche passe de 3 \u00e0 30 personnes. Je cr\u00e9e des outils incultur\u00e9s pour la formation aux sacrements que j\u2019anime avec une a\u00een\u00e9e. L\u2019\u00e9glise se remplit aux grandes f\u00eates, lors des enterrements et des mariages.<\/p>\n\n\n\n<p class=\"has-black-color has-text-color has-link-color wp-elements-5cb47e18f2350c42fc63d664e559e5a2\" style=\"font-size:17px\">Le presbyt\u00e8re ressemble \u00e0 un taudis; il faut le r\u00e9parer. Pour obtenir des subventions, nous cr\u00e9ons un OSBL, avec une mission communautaire, non reli\u00e9e \u00e0 la religion. C\u2019est un genre de \u00ab fabrique\u00bb, mais sans lien avec le dioc\u00e8se. Depuis les ann\u00e9es 1980, un petit groupe d\u2019Anicinabek fait des stages dans l\u2019Ouest canadien pour d\u00e9couvrir la spiritualit\u00e9 traditionnelle. Ces \u00ab traditionnalistes\u00bb sont mal vus par les a\u00een\u00e9s catholiques et les pentec\u00f4tistes. Il faut user de tact pour d\u00e9velopper le respect et l\u2019accueil entre tous ces gens. Gr\u00e2ce \u00e0 l\u2019organisation de sessions de ressourcement sur Kateri Tekakwitha, nous parvenons \u00e0 rassembler les trois groupes. La mort d\u2019un traditionaliste baptis\u00e9 nous incite \u00e0 organiser des fun\u00e9railles mixtes, avec des rituels issus de part et d\u2019autre dans un lieu neutre: la salle communautaire.<\/p>\n\n\n\n<div class=\"wp-block-media-text has-media-on-the-right is-stacked-on-mobile\" style=\"grid-template-columns:auto 47%\"><div class=\"wp-block-media-text__content\">\n<p class=\"has-blue-color has-text-color has-link-color has-medium-font-size wp-elements-95e0c3610a0e3307ce3b06ba0e6db963\"><strong>Le presbyt\u00e8re r\u00e9nov\u00e9<\/strong><\/p>\n<\/div><figure class=\"wp-block-media-text__media\"><img loading=\"lazy\" decoding=\"async\" width=\"676\" height=\"507\" src=\"https:\/\/paroissesainte-famille.org\/wp-content\/uploads\/2024\/01\/presbytere-anishinabek.jpg\" alt=\"\" class=\"wp-image-12064 size-full\" srcset=\"https:\/\/paroissesainte-famille.org\/wp-content\/uploads\/2024\/01\/presbytere-anishinabek.jpg 676w, https:\/\/paroissesainte-famille.org\/wp-content\/uploads\/2024\/01\/presbytere-anishinabek-300x225.jpg 300w\" sizes=\"auto, (max-width: 676px) 100vw, 676px\" \/><\/figure><\/div>\n\n\n\n<p class=\"has-black-color has-text-color has-link-color wp-elements-162c00c931fc722aae1c646c460fc16e\" style=\"font-size:17px\">Mes dix ann\u00e9es de pr\u00e9sence avec les Anicinabek furent aussi l\u2019occasion d\u2019accueillir plus de 500 jeunes tcigoji (allochtones). Ces stages ont permis de cr\u00e9er des liens d\u2019amiti\u00e9 et de faire de ces jeunes des alli\u00e9s des Autochtones. <\/p>\n\n\n\n<p class=\"has-black-color has-text-color has-link-color wp-elements-fa3f294c1543e49b22c356fb68f2d8b0\" style=\"font-size:17px\">Apr\u00e8s mon d\u00e9part, de 2020 \u00e0 2023, le comit\u00e9 a \u00e9t\u00e9 laiss\u00e9 \u00e0 lui\u2010m\u00eame, car les pr\u00eatres de Val\u2010d\u2019Or n\u2019avaient pas le temps d\u2019accompagner le groupe. Puis, ils ont d\u00e9laiss\u00e9 les c\u00e9l\u00e9brations liturgiques du dimanche \u00e0 cause des conflits d\u2019horaire. La pratique religieuse retombe alors \u00e0 trois personnes. C\u2019est sur les \u00e9paules de Monique que repose, depuis, la vie spirituelle de la communaut\u00e9. Gr\u00e2ce \u00e0 sa foi et \u00e0 sa cr\u00e9ativit\u00e9, elle r\u00e9ussit \u00e0 rallier les a\u00een\u00e9s et \u00e0 les faire prier les dimanches. La plupart du temps, c\u2019est aussi elle qui anime les fun\u00e9railles. Elle prend de l\u2019\u00e2ge et la rel\u00e8ve n\u2019est pas l\u00e0. M\u00e9lissa, une m\u00e8re de famille de cinq enfants apprend, mais la t\u00e2che est tr\u00e8s lourde. Pour ma part, j\u2019assure un soutien \u00e0 distance. Mais il n\u2019y a alors personne pour la pr\u00e9paration des sacrements. Jusqu\u2019\u00e0\u2026<\/p>\n\n\n\n<p class=\"has-black-color has-text-color has-link-color wp-elements-3f6358ffad360a01f108624beabb7157\" style=\"font-size:17px\">Jusqu\u2019\u00e0 la rencontre providentielle d\u2019un jeune couple de tcigoji de Val\u2010d\u2019Or. Ce couple, parents de cinq enfants, est un cadeau venu du ciel pour assurer une pr\u00e9sence pastorale et un soutien au comit\u00e9 chancelant. Ils ont commenc\u00e9 \u00e0 s\u2019int\u00e9grer \u00e0 Lac\u2010Simon peu \u00e0 peu: Isabelle \u00e0 l\u2019administration financi\u00e8re et S\u00e9bastien \u00e0 l\u2019entretien des lieux. Puis, \u00e0 l\u2019\u00e9t\u00e9 2022, j\u2019ai anim\u00e9 avec eux un camp de pr\u00e9paration \u00e0 la premi\u00e8re communion pour des enfants et adultes anicinabek sur la presqu\u2019\u00eele de Kitcisakik. L\u2019animation en pleine nature, avec des temps gratuits de communion fraternelle et des sketches bibliques, s\u2019est r\u00e9v\u00e9l\u00e9e une formule gagnante. En 2023, Mgr Guy Boulanger, \u00e9v\u00eaque de Rouyn\u2010Noranda, les confirmait dans leur d\u00e9sir de vivre la mission aupr\u00e8s des Anicinabek avec un mandat pastoral de 20 heures par semaine. De mon c\u00f4t\u00e9, je les accompagne par Internet.<\/p>\n\n\n\n<p class=\"has-black-color has-text-color has-link-color wp-elements-a1bc47f698b98f3da3822f32988d839e\" style=\"font-size:17px\">La mission se vit au jour le jour en offrant une pr\u00e9sence aux gens du milieu. La petite famille de cinq enfants se rend sur place chaque dimanche pour soutenir Monique et le comit\u00e9. L\u2019apr\u00e8s\u2010midi est r\u00e9serv\u00e9 aux jeux avec les enfants des alentours. Par l\u2019\u00e9coute des gens rencontr\u00e9s au fil des \u00e9v\u00e9nements se tissent des liens fraternels. Leur v\u00e9hicule nomm\u00e9 \u00ab Marcel Van\u00bb ne passe pas inaper\u00e7u. Les gens savent qu\u2019ils s\u2019occupent de la pastorale. L\u2019Esprit saint se manifeste tr\u00e8s concr\u00e8tement. C\u2019est lui leur guide qui leur montre le chemin \u00e0 suivre pas \u00e0 pas. Je laisse ici la parole \u00e0 S\u00e9bastien:<\/p>\n\n\n\n<p class=\"has-black-color has-text-color has-link-color wp-elements-25632771876483c8a5b4a612f63657be\" style=\"font-size:17px\">\u00ab \u00c0 la vue du c\u00e9l\u00e8bre v\u00e9hicule, les enfants se rassemblent. Je sens bien qu\u2019ils esp\u00e8rent que je m\u2019occupe d\u2019eux. En ce dimanche, la liturgie nous offre la parabole de l&rsquo;ivraie et du bon grain (Mt 11, 25). J&rsquo;ouvre les deux portes de l\u2019\u00e9glise et nous nous assoyons dans l&rsquo;escalier qui donne sur la rue. On me pose des questions sur J\u00e9sus\u2026 Je leur raconte la parabole du jour et les invite \u00e0 prendre soin du bon bl\u00e9 dans leur c\u0153ur. Les gestes m\u00e9chants, J\u00e9sus va s&rsquo;en occuper. Un petit, 4 ans environ, me dit : \u00ab Ma grand\u2010m\u00e8re s&rsquo;est suicid\u00e9e.\u00bb D\u2019autres aussi me parlent de leurs deuils. Je d\u00e9couvre alors que certains enfants associent le mot suicide au fait m\u00eame d\u2019\u00eatre mort. Je suis \u00e9tonn\u00e9!<\/p>\n\n\n\n<p class=\"has-black-color has-text-color has-link-color wp-elements-c32fede7f28998ee6b7acbd2e40850fa\" style=\"font-size:17px\">\u00ab Liam me demande si J\u00e9sus s&rsquo;est suicid\u00e9. Je lui explique que J\u00e9sus a donn\u00e9 sa vie. Amber dit qu&rsquo;elle s&rsquo;ennuie de son p\u00e8re. Alors, je propose \u00e0 tout le monde que l\u2019on prie pour elle. Pendant que je prie le Notre P\u00e8re, les trois enfants endeuill\u00e9s se mettent \u00e0 pleurer en silence. Chacun a un ami pour le consoler. \u00bb<\/p>\n\n\n\n<div class=\"wp-block-media-text is-stacked-on-mobile\" style=\"grid-template-columns:24% auto\"><figure class=\"wp-block-media-text__media\"><img loading=\"lazy\" decoding=\"async\" width=\"185\" height=\"232\" src=\"https:\/\/paroissesainte-famille.org\/wp-content\/uploads\/2024\/01\/Sr-Renelle.jpg\" alt=\"\" class=\"wp-image-12062 size-full\"\/><\/figure><div class=\"wp-block-media-text__content\">\n<p class=\"has-black-color has-text-color has-link-color wp-elements-634a36c4943316a15df5b193e43aea4a\">Renelle Lasalle, ss.cc.j.m., s\u2019est d\u00e9vou\u00e9e pendant 10 ans comme missionnaire aupr\u00e8s des communaut\u00e9s anicinabek de Kitcisakik et de Lac-Simon, en Abitibi-T\u00e9miscamingue. Comme elle l\u2019affirme, ce sont ses fr\u00e8res et soeurs anicinabek qui l\u2019ont humanis\u00e9e et lui ont donn\u00e9 le droit d\u2019\u00eatre pleinement humaine, sans artifice. Monique Papatie est sa complice anicinabe et S\u00e9bastien Lafontaine, un nouveau missionnaire sur place qu&rsquo;elle soutient.<\/p>\n<\/div><\/div>\n","protected":false},"excerpt":{"rendered":"<p>Sr Renelle Lasalle, qui a v\u00e9cu 10 ans avec les Anicinabek, avec qui elle a cr\u00e9\u00e9 de vrais liens d\u2019amiti\u00e9, af\ufb01rme: \u00abLa mission se vit au jour le jour en offrant une pr\u00e9sence aux gens du milieu. Par l\u2019\u00e9coute des &hellip; <a href=\"https:\/\/paroissesainte-famille.org\/bienvenue\/2024\/01\/20\/la-mission-a-lac-simon-et-a-kitcisakik\/\">Continuer la lecture <span class=\"meta-nav\">&rarr;<\/span><\/a><\/p>\n","protected":false},"author":3,"featured_media":0,"comment_status":"open","ping_status":"closed","sticky":false,"template":"","format":"standard","meta":{"footnotes":""},"categories":[10],"tags":[],"class_list":["post-12061","post","type-post","status-publish","format-standard","hentry","category-reflexions"],"_links":{"self":[{"href":"https:\/\/paroissesainte-famille.org\/bienvenue\/wp-json\/wp\/v2\/posts\/12061","targetHints":{"allow":["GET"]}}],"collection":[{"href":"https:\/\/paroissesainte-famille.org\/bienvenue\/wp-json\/wp\/v2\/posts"}],"about":[{"href":"https:\/\/paroissesainte-famille.org\/bienvenue\/wp-json\/wp\/v2\/types\/post"}],"author":[{"embeddable":true,"href":"https:\/\/paroissesainte-famille.org\/bienvenue\/wp-json\/wp\/v2\/users\/3"}],"replies":[{"embeddable":true,"href":"https:\/\/paroissesainte-famille.org\/bienvenue\/wp-json\/wp\/v2\/comments?post=12061"}],"version-history":[{"count":2,"href":"https:\/\/paroissesainte-famille.org\/bienvenue\/wp-json\/wp\/v2\/posts\/12061\/revisions"}],"predecessor-version":[{"id":12065,"href":"https:\/\/paroissesainte-famille.org\/bienvenue\/wp-json\/wp\/v2\/posts\/12061\/revisions\/12065"}],"wp:attachment":[{"href":"https:\/\/paroissesainte-famille.org\/bienvenue\/wp-json\/wp\/v2\/media?parent=12061"}],"wp:term":[{"taxonomy":"category","embeddable":true,"href":"https:\/\/paroissesainte-famille.org\/bienvenue\/wp-json\/wp\/v2\/categories?post=12061"},{"taxonomy":"post_tag","embeddable":true,"href":"https:\/\/paroissesainte-famille.org\/bienvenue\/wp-json\/wp\/v2\/tags?post=12061"}],"curies":[{"name":"wp","href":"https:\/\/api.w.org\/{rel}","templated":true}]}}