{"id":11262,"date":"2023-10-26T08:30:01","date_gmt":"2023-10-26T13:30:01","guid":{"rendered":"https:\/\/paroissesainte-famille.org\/bienvenue\/?p=11262"},"modified":"2023-10-28T04:55:43","modified_gmt":"2023-10-28T09:55:43","slug":"actes-2-lettre-de-leveque-louis-corriveau","status":"publish","type":"post","link":"https:\/\/paroissesainte-famille.org\/bienvenue\/2023\/10\/26\/actes-2-lettre-de-leveque-louis-corriveau\/","title":{"rendered":"Actes 2 &#8211; Lettre de l&rsquo;\u00e9v\u00eaque Louis Corriveau"},"content":{"rendered":"\n<div class=\"wp-block-media-text is-stacked-on-mobile\" style=\"grid-template-columns:22% auto\"><figure class=\"wp-block-media-text__media\"><img loading=\"lazy\" decoding=\"async\" width=\"259\" height=\"259\" src=\"https:\/\/paroissesainte-famille.org\/wp-content\/uploads\/2019\/06\/eveque_louis_corriveau-1-_2.jpg\" alt=\"\" class=\"wp-image-127 size-full\" srcset=\"https:\/\/paroissesainte-famille.org\/wp-content\/uploads\/2019\/06\/eveque_louis_corriveau-1-_2.jpg 259w, https:\/\/paroissesainte-famille.org\/wp-content\/uploads\/2019\/06\/eveque_louis_corriveau-1-_2-150x150.jpg 150w\" sizes=\"auto, (max-width: 259px) 100vw, 259px\" \/><\/figure><div class=\"wp-block-media-text__content\">\n<p class=\"has-black-color has-text-color\">Nous d\u00e9sirons partager avec tous les paroissiens une r\u00e9flexion et une invitation de Mgr Louis, \u00e0 propos de l&rsquo;avenir de notre \u00e9glise dioc\u00e9saine de Joliette.<\/p>\n<\/div><\/div>\n\n\n\n<p class=\"has-black-color has-text-color\">Cette lettre fait \u00e9tat de la situation au moment o\u00f9 notre clerg\u00e9, malgr\u00e9 l&rsquo;aide de pr\u00eatres d&rsquo;Afrique ou d&rsquo;Am\u00e9rique latine, vieillit et peine \u00e0 offrir aux communaut\u00e9s le service des c\u00e9l\u00e9brations dominicales, notamment l&rsquo;eucharistie. Cette lettre invite les paroisses et les communaut\u00e9s du dioc\u00e8se \u00e0 participer \u00e0 une consultation \u00e0 la fois sur les lieux de c\u00e9l\u00e9brations et sur les mani\u00e8res de vivre la foi dans nos diff\u00e9rentes communaut\u00e9s. <\/p>\n\n\n\n<p class=\"has-black-color has-text-color\">L&rsquo;\u00e9quipe de proximit\u00e9 et de liturgie de la paroisse Sainte-Famille souhaite vous associer \u00e0 la r\u00e9flexion en cours. Nous sommes conscients des courts d\u00e9lais qui nous ont \u00e9t\u00e9 laiss\u00e9s.  Apr\u00e8s avoir lu la lettre de notre fr\u00e8re \u00e9v\u00eaque Louis, vous avez la semaine pour mettre par \u00e9crit vos r\u00e9flexions \u00e0 partir des 2 questions pos\u00e9es \u00e0 la page 4 du document et les remettre \u00e0 un des membres de l&rsquo;\u00e9quipe. Ce qui est plus fructueux encore, c&rsquo;est d&rsquo;\u00e9changer \u00e0 2, 3 ou 4 personnes de votre entourage. Avec le regard de chacun, du choc des id\u00e9es et opinions vient la lumi\u00e8re. <\/p>\n\n\n\n<p class=\"has-black-color has-text-color\">Voici l&rsquo;\u00e9ch\u00e9ancier : <br>29 octobre\u00a0: Explication de la d\u00e9marche et remise des documents de travail \u00e0 la messe. Durant la semaine les paroissiens r\u00e9pondent aux questions de Monseigneur.<br>5 novembre, \u00e0 la messe : r\u00e9ception des r\u00e9ponses \u00e9crites.<br>6 novembre : d\u00e9but de la compilation des r\u00e9sultats. (Une ou 2 personnes)<br>7 novembre\u00a0: soir\u00e9e d&rsquo;\u00e9changes Caf\u00e9-beignes \u00e0 19h00 \u00e0 la sacristie de Saint-Paul.<br>Du 8 au 11 novembre\u00a0: compilation des avis et r\u00e9daction de l&rsquo;avis \u00e0 l&rsquo;\u00e9v\u00eaque par l&rsquo;\u00e9quipe de proximit\u00e9\/liturgie.<\/p>\n\n\n\n<p class=\"has-black-color has-text-color\">La  situation est urgente et l&rsquo;\u00e9ch\u00e9ancier propos\u00e9 est court, mais nous y arriverons avec <em>le petit restant<\/em> de nos bonnes volont\u00e9s et l&rsquo;Esprit saint. Pour plus d&rsquo;informations, revenez \u00e0 cette page, ou adressez-vous \u00e0 un membre de l&rsquo;\u00e9quipe : Renelle, Lisette, Mireille ou Michel B. <\/p>\n\n\n\n<p class=\"has-black-color has-text-color\"><strong>Cliquez ici pour <a href=\"https:\/\/paroissesainte-famille.org\/wp-content\/uploads\/2023\/10\/Ac-2-lettre-de-leveque-Octobre-202319816.pdf\" data-type=\"link\" data-id=\"https:\/\/paroissesainte-famille.org\/wp-content\/uploads\/2023\/10\/Ac-2-lettre-de-leveque-Octobre-202319816.pdf\">t\u00e9l\u00e9charger la lettre<\/a> de Mgr Louis.<\/strong><\/p>\n","protected":false},"excerpt":{"rendered":"<p>Nous d\u00e9sirons partager avec tous les paroissiens une r\u00e9flexion et une invitation de Mgr Louis, \u00e0 propos de l&rsquo;avenir de notre \u00e9glise dioc\u00e9saine de Joliette. Cette lettre fait \u00e9tat de la situation au moment o\u00f9 notre clerg\u00e9, malgr\u00e9 l&rsquo;aide de &hellip; <a href=\"https:\/\/paroissesainte-famille.org\/bienvenue\/2023\/10\/26\/actes-2-lettre-de-leveque-louis-corriveau\/\">Continuer la lecture <span class=\"meta-nav\">&rarr;<\/span><\/a><\/p>\n","protected":false},"author":3,"featured_media":127,"comment_status":"open","ping_status":"closed","sticky":false,"template":"","format":"standard","meta":{"footnotes":""},"categories":[10],"tags":[],"class_list":["post-11262","post","type-post","status-publish","format-standard","has-post-thumbnail","hentry","category-reflexions"],"_links":{"self":[{"href":"https:\/\/paroissesainte-famille.org\/bienvenue\/wp-json\/wp\/v2\/posts\/11262","targetHints":{"allow":["GET"]}}],"collection":[{"href":"https:\/\/paroissesainte-famille.org\/bienvenue\/wp-json\/wp\/v2\/posts"}],"about":[{"href":"https:\/\/paroissesainte-famille.org\/bienvenue\/wp-json\/wp\/v2\/types\/post"}],"author":[{"embeddable":true,"href":"https:\/\/paroissesainte-famille.org\/bienvenue\/wp-json\/wp\/v2\/users\/3"}],"replies":[{"embeddable":true,"href":"https:\/\/paroissesainte-famille.org\/bienvenue\/wp-json\/wp\/v2\/comments?post=11262"}],"version-history":[{"count":9,"href":"https:\/\/paroissesainte-famille.org\/bienvenue\/wp-json\/wp\/v2\/posts\/11262\/revisions"}],"predecessor-version":[{"id":11290,"href":"https:\/\/paroissesainte-famille.org\/bienvenue\/wp-json\/wp\/v2\/posts\/11262\/revisions\/11290"}],"wp:featuredmedia":[{"embeddable":true,"href":"https:\/\/paroissesainte-famille.org\/bienvenue\/wp-json\/wp\/v2\/media\/127"}],"wp:attachment":[{"href":"https:\/\/paroissesainte-famille.org\/bienvenue\/wp-json\/wp\/v2\/media?parent=11262"}],"wp:term":[{"taxonomy":"category","embeddable":true,"href":"https:\/\/paroissesainte-famille.org\/bienvenue\/wp-json\/wp\/v2\/categories?post=11262"},{"taxonomy":"post_tag","embeddable":true,"href":"https:\/\/paroissesainte-famille.org\/bienvenue\/wp-json\/wp\/v2\/tags?post=11262"}],"curies":[{"name":"wp","href":"https:\/\/api.w.org\/{rel}","templated":true}]}}