{"id":10264,"date":"2023-06-26T08:21:02","date_gmt":"2023-06-26T13:21:02","guid":{"rendered":"https:\/\/paroissesainte-famille.org\/bienvenue\/?p=10264"},"modified":"2023-06-26T08:45:20","modified_gmt":"2023-06-26T13:45:20","slug":"hais-de-tous-a-cause-de-mon-nom","status":"publish","type":"post","link":"https:\/\/paroissesainte-famille.org\/bienvenue\/2023\/06\/26\/hais-de-tous-a-cause-de-mon-nom\/","title":{"rendered":"\u00ab &#8230;Ha\u00efs de tous \u00e0 cause de mon nom \u00bb"},"content":{"rendered":"\n<p class=\"has-black-color has-text-color\">Les textes d\u2019aujourd\u2019hui peuvent nous accabler ou nous encourager? \u00c7a d\u00e9pend des mots qui nous ont atteints en premier ? Je vous invite \u00e0 lire <em>en silence<\/em> l\u2019\u00c9vangile\u2026&nbsp; Il manque la premi\u00e8re phrase : <em>\u00ab&nbsp;Vous serez ha\u00efs \u00e0 cause de mon nom.&nbsp;\u00bb<\/em> (Moment de silence) <br>Levez la main ceux qui trouvent les lectures encourageantes?&nbsp; D\u00e9primantes? Pour ma part, entendre J\u00e9sus pr\u00e9dire \u00e0 ses ap\u00f4tres&nbsp;\u00ab qu\u2019ils serons ha\u00efs \u00e0 cause de Lui \u00bb me serre encore le c\u0153ur. \u00c7a me fait penser \u00e0 un fait de ma vie.<\/p>\n\n\n\n<p class=\"has-black-color has-text-color\">\u00c0 17 ans, lors de mon entrevue pour entrer chez les s\u0153urs, la sup\u00e9rieure provinciale m\u2019a dit&nbsp;: \u00ab Vous savez, mademoiselle, la vie religieuse, ce n\u2019est plus beaucoup \u00e0 la mode et il se peut qu\u2019il y ait des pers\u00e9cutions\u2026 et que votre vie soit tr\u00e8s difficile. \u00bb &nbsp;Je trouvais qu\u2019elle exag\u00e9rait\u2026 qu\u2019elle \u00e9tait bien pessimiste. Alors, j\u2019ai r\u00e9pondu que je n\u2019avais pas peur, que j\u2019\u00e9tais pr\u00eate \u00e0 tout !&nbsp; J\u2019\u00e9tais tout feu, tout flammes, j\u2019\u00e9tais aussi aveugle que les jeunes amoureux.<\/p>\n\n\n\n<p class=\"has-black-color has-text-color\">J\u2019ai \u00e9t\u00e9 accept\u00e9e pour la p\u00e9riode de formation. Dix ans plus tard, quand est arriv\u00e9 le temps de faire mes v\u0153ux perp\u00e9tuels, la phrase de J\u00e9sus&nbsp;\u00ab&nbsp;Vous serez ha\u00efs de tous \u00e0 cause de moi&nbsp;\u00bb me faisait terriblement peur. J\u2019avais de l\u2019exp\u00e9rience de la vie et j\u2019\u00e9tais consciente de ma grande sensibilit\u00e9 et de l\u2019immense souffrance que me causait les remarques n\u00e9gatives&#8230; J\u2019\u00e9tais loin de mon assurance du d\u00e9but. Pouvais-je croire que l\u2019amour du Christ serait assez puissant pour suppl\u00e9er \u00e0 une telle pauvret\u00e9 ?<\/p>\n\n\n\n<p class=\"has-black-color has-text-color\">C\u2019est en pensant \u00e0 ma tante C\u00e9cile que j\u2019ai pu faire le grand saut. Elle h\u00e9sitait \u00e0 se marier car elle ne savait pas faire la cuisine. Son fianc\u00e9 lui a dit&nbsp;: \u00ab&nbsp;Chaton, ne t\u2019inqui\u00e8te pas, moi, je sais faire la cuisine. Ce ne sera pas un probl\u00e8me ! \u00bb Elle l\u2019a cru et ils se sont mari\u00e9s.<\/p>\n\n\n\n<p class=\"has-black-color has-text-color\">Alors, j\u2019ai dit bien na\u00efvement au Christ, on va diviser le travail en deux. Moi, je ne suis pas capable de souffrir, alors, ce sera ta job. Moiti\u00e9, moiti\u00e9. &nbsp;Ce n\u2019est pas tout \u00e0 fait comme cela que ma vie s\u2019est d\u00e9roul\u00e9e. Mais apr\u00e8s 56 ans de vie religieuse, o\u00f9 j\u2019ai pass\u00e9 au travers de bien des \u00e9preuves, je peux t\u00e9moigner que le Christ ne m\u2019a jamais abandonn\u00e9e, qu\u2019Il a toujours \u00e9t\u00e9 l\u00e0 avec la force de son Esprit, m\u00eame si j\u2019ai pens\u00e9 qu\u2019IL m\u2019avait abandonn\u00e9.<\/p>\n\n\n\n<p class=\"has-black-color has-text-color\">Vous de m\u00eames, vous pourriez dire la m\u00eame chose aujourd\u2019hui. Si vous regardez en arri\u00e8re et pensez \u00e0 toutes les \u00e9preuves que vous avez travers\u00e9es, vous pouvez dire que Dieu a \u00e9t\u00e9 dans votre vie, au bon moment.<\/p>\n\n\n\n<p class=\"has-black-color has-text-color\"><strong>C\u2019est ce que J\u00e9r\u00e9mie et l\u2019\u00c9vang\u00e9liste Matthieu nous rappellent aujourd\u2019hui.<\/strong><\/p>\n\n\n\n<p class=\"has-black-color has-text-color\">J\u00e9r\u00e9mie a v\u00e9cu 600 ans avant J\u00e9sus-Christ dans une soci\u00e9t\u00e9 corrompue. Les rois \u00e9taient infid\u00e8les \u00e0 Dieu et ne s\u2019occupaient pas des pauvres. J\u00e9r\u00e9mie n\u2019a cess\u00e9 de d\u00e9noncer les injustices et les incoh\u00e9rences des rois. &nbsp;Pendant 40 ans, il a cri\u00e9 sur tous les toits qu\u2019il fallait changer de vie car la catastrophe guettait le peuple juif. Les rois ne l\u2019ont pas \u00e9cout\u00e9 et ce fut la destruction de temple de J\u00e9rusalem et la d\u00e9portation \u00e0 Babylone.<\/p>\n\n\n\n<p class=\"has-black-color has-text-color\">J\u00e9sus-Christ a aussi d\u00e9nonc\u00e9 le syst\u00e8me politique et religieux de son temps et demand\u00e9 qu\u2019on revienne \u00e0 la base de la vraie religion&nbsp;: l\u2019Amour, la V\u00e9rit\u00e9, la Justice. Comme tous les proph\u00e8tes, les riches l\u2019ont fait tuer pour le faire taire. &nbsp;Mais 2000 ans plus tard, sa Parole est encore vivante et actuelle et r\u00e9sonne sur tous les continents.<\/p>\n\n\n\n<p class=\"has-black-color has-text-color\">Aujourd\u2019hui, nous sommes r\u00e9unis dans ce lieu de culte<strong>. Seulement par notre pr\u00e9sence<\/strong>, nous d\u00e9rangeons du monde. <em>Tu vas encore \u00e0 la messe? Tu crois encore? &nbsp;Moi, je me suis affranchi de la religion\u2026 <\/em>Ce n\u2019est pas le martyre comme dans les pays du Moyen Orient, mais \u00e7a fait mal de passer pour une arri\u00e9r\u00e9e, une niaiseuse\u2026, une personne de droite.&nbsp; <strong>Parce que nous croyons en Dieu,<\/strong> <strong>nous sommes soumis \u00e0 la d\u00e9rision.<\/strong><\/p>\n\n\n\n<p class=\"has-black-color has-text-color\">Notre soci\u00e9t\u00e9 pr\u00f4ne la richesse, le plaisir, le mensonge et la mort.&nbsp; Les nouvelles th\u00e9ories viennent en contradiction avec nos valeurs chr\u00e9tiennes. Nous ne savons plus si nous sommes corrects ou si nous devrions penser comme tout le monde\u2026 Nous sommes confront\u00e9s \u00e0 un tr\u00e8s grand d\u00e9fi&nbsp;: &nbsp;<strong>Avoir des convictions personnelles<\/strong>. On ne plus r\u00e9pondre&nbsp;: \u00ab&nbsp;<em>Je pense cela parce que le pape, l\u2019\u00c9glise l\u2019a dit\u2026&nbsp;\u00bb C\u2019est enfantin! <\/em>&nbsp;Il faut que notre t\u00e9moignage vienne du c\u0153ur, de nos convictions, de notre conscience profonde. <strong>Cela demande la force de l\u2019Esprit-Saint et le soutien d\u2019une communaut\u00e9.<\/strong><\/p>\n\n\n\n<p class=\"has-black-color has-text-color\">Seul, nous ne passerons pas au travers. C\u2019est pour cela qu\u2019il est si important de se rassembler au moins une fois par semaine pour prier l\u2019Esprit-Saint et renforcir nos liens fraternels. Et ce sera encore plus vrai dans l\u2019avenir.<\/p>\n\n\n\n<p class=\"has-black-color has-text-color\">C\u2019est ensemble qu\u2019on est fort et qu\u2019on peut s\u2019entraider. Quand \u00e7a va mal, j\u2019aime \u00e0 redire cette pri\u00e8re&nbsp;<em>: \u00ab&nbsp;Seigneur, tu m\u2019as toujours donn\u00e9 la force du lendemain, et bien que je sois faible aujourd\u2019hui, j\u2019esp\u00e8re en toi.&nbsp;\u00bb&nbsp;<\/em><\/p>\n\n\n\n<p class=\"has-black-color has-text-color\">Ancrons au plus profond de notre c\u0153ur les paroles d\u2019encouragement de ce jour&nbsp;:<\/p>\n\n\n\n<p class=\"has-black-color has-text-color\">Le SEIGNEUR est avec moi, tel un guerrier redoutable&nbsp;:<\/p>\n\n\n\n<p class=\"has-black-color has-text-color\">Le SEIGNEUR \u00e9coute les humbles,<\/p>\n\n\n\n<p class=\"has-black-color has-text-color\">Soyez donc sans crainte&nbsp;: vous valez bien plus qu\u2019une multitude de moineaux.<\/p>\n\n\n\n<p class=\"has-black-color has-text-color\">Prenons un instant de Silence\u2026 pour accueillir la Parole.<\/p>\n\n\n\n<p>Renelle ss.c.c. j.m.<\/p>\n","protected":false},"excerpt":{"rendered":"<p>Les textes d\u2019aujourd\u2019hui peuvent nous accabler ou nous encourager? \u00c7a d\u00e9pend des mots qui nous ont atteints en premier ? Je vous invite \u00e0 lire en silence l\u2019\u00c9vangile\u2026\u00a0 Il manque la premi\u00e8re phrase : \u00ab\u00a0Vous serez ha\u00efs \u00e0 cause de mon nom.\u00a0\u00bb (Moment de silence) Levez la main ceux qui trouvent les lectures encourageantes?\u00a0 D\u00e9primantes?  <a href=\"https:\/\/paroissesainte-famille.org\/bienvenue\/2023\/06\/26\/hais-de-tous-a-cause-de-mon-nom\/\">Continuer la lecture <span class=\"meta-nav\">&rarr;<\/span><\/a><\/p>\n","protected":false},"author":8,"featured_media":0,"comment_status":"open","ping_status":"closed","sticky":false,"template":"","format":"standard","meta":{"footnotes":""},"categories":[10],"tags":[],"class_list":["post-10264","post","type-post","status-publish","format-standard","hentry","category-reflexions"],"_links":{"self":[{"href":"https:\/\/paroissesainte-famille.org\/bienvenue\/wp-json\/wp\/v2\/posts\/10264","targetHints":{"allow":["GET"]}}],"collection":[{"href":"https:\/\/paroissesainte-famille.org\/bienvenue\/wp-json\/wp\/v2\/posts"}],"about":[{"href":"https:\/\/paroissesainte-famille.org\/bienvenue\/wp-json\/wp\/v2\/types\/post"}],"author":[{"embeddable":true,"href":"https:\/\/paroissesainte-famille.org\/bienvenue\/wp-json\/wp\/v2\/users\/8"}],"replies":[{"embeddable":true,"href":"https:\/\/paroissesainte-famille.org\/bienvenue\/wp-json\/wp\/v2\/comments?post=10264"}],"version-history":[{"count":5,"href":"https:\/\/paroissesainte-famille.org\/bienvenue\/wp-json\/wp\/v2\/posts\/10264\/revisions"}],"predecessor-version":[{"id":10275,"href":"https:\/\/paroissesainte-famille.org\/bienvenue\/wp-json\/wp\/v2\/posts\/10264\/revisions\/10275"}],"wp:attachment":[{"href":"https:\/\/paroissesainte-famille.org\/bienvenue\/wp-json\/wp\/v2\/media?parent=10264"}],"wp:term":[{"taxonomy":"category","embeddable":true,"href":"https:\/\/paroissesainte-famille.org\/bienvenue\/wp-json\/wp\/v2\/categories?post=10264"},{"taxonomy":"post_tag","embeddable":true,"href":"https:\/\/paroissesainte-famille.org\/bienvenue\/wp-json\/wp\/v2\/tags?post=10264"}],"curies":[{"name":"wp","href":"https:\/\/api.w.org\/{rel}","templated":true}]}}